{"id":10820,"date":"2023-05-29T11:50:54","date_gmt":"2023-05-29T09:50:54","guid":{"rendered":"https:\/\/vecinoscalamurada.com\/?p=10820"},"modified":"2023-05-29T14:40:11","modified_gmt":"2023-05-29T12:40:11","slug":"einweihung-petanque-plaetze-am-3-juni-2023-ab-1200-uhr","status":"publish","type":"post","link":"https:\/\/vecinoscalamurada.com\/de\/einweihung-petanque-plaetze-am-3-juni-2023-ab-1200-uhr\/","title":{"rendered":"Einweihung P\u00e9tanque-Pl\u00e4tze am 3. Juni 2023 ab 12:00 Uhr"},"content":{"rendered":"\n<p>Wir freuen uns, alle unsere Mitglieder zur Einweihung der neuen P\u00e9tanque-Pl\u00e4tze am Samstag, dem 3. Juni, einzuladen. <\/p>\n\n\n\n<p>Geplantes Programm<\/p>\n\n\n\n<ul>\n<li>um 12:00 Uhr Einweihung  der P\u00e9tanqua-Pl\u00e4tze mit einem Freundschaftsspiel<\/li>\n\n\n\n<li>um 14:00 gemeinsames Grillen<\/li>\n<\/ul>\n\n\n\n<p><\/p>\n\n\n\n<p>F\u00fcr Mitglieder ist die Teilnahme kostenlos (\u00fcber Spenden freuen wir uns), f\u00fcr Nichtmitglieder berechnen wir eine Kostenbeteiligung von 5 Euro pro Person.<\/p>\n\n\n\n<p>Anmeldung bitte per E-Mail \u00fcber <a href=\"mailto:info@vecinoscalamurada.com\" target=\"_blank\" rel=\"noreferrer noopener\">info@vecinoscalamurada.com<\/a> oder \u00fcber uns <a href=\"https:\/\/vecinoscalamurada.com\/de\/kontakt\/\" target=\"_blank\" rel=\"noreferrer noopener\">Kontaktformular<\/a>.<\/p>\n\n\n\n<p>Wir freuen uns auf Ihre Teilnahme.<\/p>\n","protected":false},"excerpt":{"rendered":"<p>Wir freuen uns, alle unsere Mitglieder zur Einweihung der neuen P\u00e9tanque-Pl\u00e4tze am Samstag, dem 3. Juni, einzuladen. Geplantes Programm F\u00fcr Mitglieder ist die Teilnahme kostenlos (\u00fcber Spenden freuen wir uns), f\u00fcr Nichtmitglieder [&#8230;] <\/p>\n","protected":false},"author":2,"featured_media":10822,"comment_status":"closed","ping_status":"closed","sticky":false,"template":"","format":"standard","meta":[],"categories":[3,26],"tags":[],"yoast_head":"<!-- This site is optimized with the Yoast SEO plugin v19.10 - https:\/\/yoast.com\/wordpress\/plugins\/seo\/ -->\n<title>Einweihung P\u00e9tanque-Pl\u00e4tze am 3. Juni 2023 ab 12:00 Uhr - Vecinos Cala Murada<\/title>\n<meta name=\"robots\" content=\"index, follow, max-snippet:-1, max-image-preview:large, max-video-preview:-1\" \/>\n<link rel=\"canonical\" href=\"https:\/\/vecinoscalamurada.com\/de\/einweihung-petanque-plaetze-am-3-juni-2023-ab-1200-uhr\/\" \/>\n<meta property=\"og:locale\" content=\"de_DE\" \/>\n<meta property=\"og:type\" content=\"article\" \/>\n<meta property=\"og:title\" content=\"Einweihung P\u00e9tanque-Pl\u00e4tze am 3. Juni 2023 ab 12:00 Uhr - Vecinos Cala Murada\" \/>\n<meta property=\"og:description\" content=\"Wir freuen uns, alle unsere Mitglieder zur Einweihung der neuen P\u00e9tanque-Pl\u00e4tze am Samstag, dem 3. Juni, einzuladen. Geplantes Programm F\u00fcr Mitglieder ist die Teilnahme kostenlos (\u00fcber Spenden freuen wir uns), f\u00fcr Nichtmitglieder [...]\" \/>\n<meta property=\"og:url\" content=\"https:\/\/vecinoscalamurada.com\/de\/einweihung-petanque-plaetze-am-3-juni-2023-ab-1200-uhr\/\" \/>\n<meta property=\"og:site_name\" content=\"Vecinos Cala Murada\" \/>\n<meta property=\"article:publisher\" content=\"https:\/\/www.facebook.com\/groups\/992762847512552\/\" \/>\n<meta property=\"article:published_time\" content=\"2023-05-29T09:50:54+00:00\" \/>\n<meta property=\"article:modified_time\" content=\"2023-05-29T12:40:11+00:00\" \/>\n<meta property=\"og:image\" content=\"https:\/\/vecinoscalamurada.com\/wp2021\/wp-content\/uploads\/2023\/05\/Cala-Murada-Occitania-Petanqua-actual.jpg\" \/>\n\t<meta property=\"og:image:width\" content=\"1317\" \/>\n\t<meta property=\"og:image:height\" content=\"641\" \/>\n\t<meta property=\"og:image:type\" content=\"image\/jpeg\" \/>\n<meta name=\"author\" content=\"vcmteam\" \/>\n<meta name=\"twitter:card\" content=\"summary_large_image\" \/>\n<meta name=\"twitter:label1\" content=\"Verfasst von\" \/>\n\t<meta name=\"twitter:data1\" content=\"vcmteam\" \/>\n\t<meta name=\"twitter:label2\" content=\"Gesch\u00e4tzte Lesezeit\" \/>\n\t<meta name=\"twitter:data2\" content=\"1\u00a0Minute\" \/>\n<script type=\"application\/ld+json\" class=\"yoast-schema-graph\">{\"@context\":\"https:\/\/schema.org\",\"@graph\":[{\"@type\":\"Article\",\"@id\":\"https:\/\/vecinoscalamurada.com\/de\/einweihung-petanque-plaetze-am-3-juni-2023-ab-1200-uhr\/#article\",\"isPartOf\":{\"@id\":\"https:\/\/vecinoscalamurada.com\/de\/einweihung-petanque-plaetze-am-3-juni-2023-ab-1200-uhr\/\"},\"author\":{\"name\":\"vcmteam\",\"@id\":\"https:\/\/vecinoscalamurada.com\/#\/schema\/person\/19d5884e47aa39f1637fb978c38cbde2\"},\"headline\":\"Einweihung P\u00e9tanque-Pl\u00e4tze am 3. Juni 2023 ab 12:00 Uhr\",\"datePublished\":\"2023-05-29T09:50:54+00:00\",\"dateModified\":\"2023-05-29T12:40:11+00:00\",\"mainEntityOfPage\":{\"@id\":\"https:\/\/vecinoscalamurada.com\/de\/einweihung-petanque-plaetze-am-3-juni-2023-ab-1200-uhr\/\"},\"wordCount\":82,\"publisher\":{\"@id\":\"https:\/\/vecinoscalamurada.com\/#organization\"},\"articleSection\":{\"1\":\"Nachrichten\"},\"inLanguage\":\"de\"},{\"@type\":\"WebPage\",\"@id\":\"https:\/\/vecinoscalamurada.com\/de\/einweihung-petanque-plaetze-am-3-juni-2023-ab-1200-uhr\/\",\"url\":\"https:\/\/vecinoscalamurada.com\/de\/einweihung-petanque-plaetze-am-3-juni-2023-ab-1200-uhr\/\",\"name\":\"Einweihung P\u00e9tanque-Pl\u00e4tze am 3. Juni 2023 ab 12:00 Uhr - Vecinos Cala Murada\",\"isPartOf\":{\"@id\":\"https:\/\/vecinoscalamurada.com\/#website\"},\"datePublished\":\"2023-05-29T09:50:54+00:00\",\"dateModified\":\"2023-05-29T12:40:11+00:00\",\"breadcrumb\":{\"@id\":\"https:\/\/vecinoscalamurada.com\/de\/einweihung-petanque-plaetze-am-3-juni-2023-ab-1200-uhr\/#breadcrumb\"},\"inLanguage\":\"de\",\"potentialAction\":[{\"@type\":\"ReadAction\",\"target\":[\"https:\/\/vecinoscalamurada.com\/de\/einweihung-petanque-plaetze-am-3-juni-2023-ab-1200-uhr\/\"]}]},{\"@type\":\"BreadcrumbList\",\"@id\":\"https:\/\/vecinoscalamurada.com\/de\/einweihung-petanque-plaetze-am-3-juni-2023-ab-1200-uhr\/#breadcrumb\",\"itemListElement\":[{\"@type\":\"ListItem\",\"position\":1,\"name\":\"Home\",\"item\":\"https:\/\/vecinoscalamurada.com\/de\/\"},{\"@type\":\"ListItem\",\"position\":2,\"name\":\"Einweihung P\u00e9tanque-Pl\u00e4tze am 3. Juni 2023 ab 12:00 Uhr\"}]},{\"@type\":\"WebSite\",\"@id\":\"https:\/\/vecinoscalamurada.com\/#website\",\"url\":\"https:\/\/vecinoscalamurada.com\/\",\"name\":\"Vecinos Cala Murada\",\"description\":\"Mallorca\",\"publisher\":{\"@id\":\"https:\/\/vecinoscalamurada.com\/#organization\"},\"potentialAction\":[{\"@type\":\"SearchAction\",\"target\":{\"@type\":\"EntryPoint\",\"urlTemplate\":\"https:\/\/vecinoscalamurada.com\/?s={search_term_string}\"},\"query-input\":\"required name=search_term_string\"}],\"inLanguage\":\"de\"},{\"@type\":\"Organization\",\"@id\":\"https:\/\/vecinoscalamurada.com\/#organization\",\"name\":\"Vecinos Cala Murada\",\"url\":\"https:\/\/vecinoscalamurada.com\/\",\"logo\":{\"@type\":\"ImageObject\",\"inLanguage\":\"de\",\"@id\":\"https:\/\/vecinoscalamurada.com\/#\/schema\/logo\/image\/\",\"url\":\"https:\/\/vecinoscalamurada.com\/wp2021\/wp-content\/uploads\/2021\/11\/favicon.jpg\",\"contentUrl\":\"https:\/\/vecinoscalamurada.com\/wp2021\/wp-content\/uploads\/2021\/11\/favicon.jpg\",\"width\":512,\"height\":512,\"caption\":\"Vecinos Cala Murada\"},\"image\":{\"@id\":\"https:\/\/vecinoscalamurada.com\/#\/schema\/logo\/image\/\"},\"sameAs\":[\"https:\/\/www.facebook.com\/groups\/992762847512552\/\"]},{\"@type\":\"Person\",\"@id\":\"https:\/\/vecinoscalamurada.com\/#\/schema\/person\/19d5884e47aa39f1637fb978c38cbde2\",\"name\":\"vcmteam\",\"url\":\"https:\/\/vecinoscalamurada.com\/de\/author\/vcmteam\/\"}]}<\/script>\n<!-- \/ Yoast SEO plugin. -->","yoast_head_json":{"title":"Einweihung P\u00e9tanque-Pl\u00e4tze am 3. Juni 2023 ab 12:00 Uhr - Vecinos Cala Murada","robots":{"index":"index","follow":"follow","max-snippet":"max-snippet:-1","max-image-preview":"max-image-preview:large","max-video-preview":"max-video-preview:-1"},"canonical":"https:\/\/vecinoscalamurada.com\/de\/einweihung-petanque-plaetze-am-3-juni-2023-ab-1200-uhr\/","og_locale":"de_DE","og_type":"article","og_title":"Einweihung P\u00e9tanque-Pl\u00e4tze am 3. Juni 2023 ab 12:00 Uhr - Vecinos Cala Murada","og_description":"Wir freuen uns, alle unsere Mitglieder zur Einweihung der neuen P\u00e9tanque-Pl\u00e4tze am Samstag, dem 3. Juni, einzuladen. Geplantes Programm F\u00fcr Mitglieder ist die Teilnahme kostenlos (\u00fcber Spenden freuen wir uns), f\u00fcr Nichtmitglieder [...]","og_url":"https:\/\/vecinoscalamurada.com\/de\/einweihung-petanque-plaetze-am-3-juni-2023-ab-1200-uhr\/","og_site_name":"Vecinos Cala Murada","article_publisher":"https:\/\/www.facebook.com\/groups\/992762847512552\/","article_published_time":"2023-05-29T09:50:54+00:00","article_modified_time":"2023-05-29T12:40:11+00:00","og_image":[{"width":1317,"height":641,"url":"https:\/\/vecinoscalamurada.com\/wp2021\/wp-content\/uploads\/2023\/05\/Cala-Murada-Occitania-Petanqua-actual.jpg","type":"image\/jpeg"}],"author":"vcmteam","twitter_card":"summary_large_image","twitter_misc":{"Verfasst von":"vcmteam","Gesch\u00e4tzte Lesezeit":"1\u00a0Minute"},"schema":{"@context":"https:\/\/schema.org","@graph":[{"@type":"Article","@id":"https:\/\/vecinoscalamurada.com\/de\/einweihung-petanque-plaetze-am-3-juni-2023-ab-1200-uhr\/#article","isPartOf":{"@id":"https:\/\/vecinoscalamurada.com\/de\/einweihung-petanque-plaetze-am-3-juni-2023-ab-1200-uhr\/"},"author":{"name":"vcmteam","@id":"https:\/\/vecinoscalamurada.com\/#\/schema\/person\/19d5884e47aa39f1637fb978c38cbde2"},"headline":"Einweihung P\u00e9tanque-Pl\u00e4tze am 3. Juni 2023 ab 12:00 Uhr","datePublished":"2023-05-29T09:50:54+00:00","dateModified":"2023-05-29T12:40:11+00:00","mainEntityOfPage":{"@id":"https:\/\/vecinoscalamurada.com\/de\/einweihung-petanque-plaetze-am-3-juni-2023-ab-1200-uhr\/"},"wordCount":82,"publisher":{"@id":"https:\/\/vecinoscalamurada.com\/#organization"},"articleSection":{"1":"Nachrichten"},"inLanguage":"de"},{"@type":"WebPage","@id":"https:\/\/vecinoscalamurada.com\/de\/einweihung-petanque-plaetze-am-3-juni-2023-ab-1200-uhr\/","url":"https:\/\/vecinoscalamurada.com\/de\/einweihung-petanque-plaetze-am-3-juni-2023-ab-1200-uhr\/","name":"Einweihung P\u00e9tanque-Pl\u00e4tze am 3. Juni 2023 ab 12:00 Uhr - Vecinos Cala Murada","isPartOf":{"@id":"https:\/\/vecinoscalamurada.com\/#website"},"datePublished":"2023-05-29T09:50:54+00:00","dateModified":"2023-05-29T12:40:11+00:00","breadcrumb":{"@id":"https:\/\/vecinoscalamurada.com\/de\/einweihung-petanque-plaetze-am-3-juni-2023-ab-1200-uhr\/#breadcrumb"},"inLanguage":"de","potentialAction":[{"@type":"ReadAction","target":["https:\/\/vecinoscalamurada.com\/de\/einweihung-petanque-plaetze-am-3-juni-2023-ab-1200-uhr\/"]}]},{"@type":"BreadcrumbList","@id":"https:\/\/vecinoscalamurada.com\/de\/einweihung-petanque-plaetze-am-3-juni-2023-ab-1200-uhr\/#breadcrumb","itemListElement":[{"@type":"ListItem","position":1,"name":"Home","item":"https:\/\/vecinoscalamurada.com\/de\/"},{"@type":"ListItem","position":2,"name":"Einweihung P\u00e9tanque-Pl\u00e4tze am 3. Juni 2023 ab 12:00 Uhr"}]},{"@type":"WebSite","@id":"https:\/\/vecinoscalamurada.com\/#website","url":"https:\/\/vecinoscalamurada.com\/","name":"Vecinos Cala Murada","description":"Mallorca","publisher":{"@id":"https:\/\/vecinoscalamurada.com\/#organization"},"potentialAction":[{"@type":"SearchAction","target":{"@type":"EntryPoint","urlTemplate":"https:\/\/vecinoscalamurada.com\/?s={search_term_string}"},"query-input":"required name=search_term_string"}],"inLanguage":"de"},{"@type":"Organization","@id":"https:\/\/vecinoscalamurada.com\/#organization","name":"Vecinos Cala Murada","url":"https:\/\/vecinoscalamurada.com\/","logo":{"@type":"ImageObject","inLanguage":"de","@id":"https:\/\/vecinoscalamurada.com\/#\/schema\/logo\/image\/","url":"https:\/\/vecinoscalamurada.com\/wp2021\/wp-content\/uploads\/2021\/11\/favicon.jpg","contentUrl":"https:\/\/vecinoscalamurada.com\/wp2021\/wp-content\/uploads\/2021\/11\/favicon.jpg","width":512,"height":512,"caption":"Vecinos Cala Murada"},"image":{"@id":"https:\/\/vecinoscalamurada.com\/#\/schema\/logo\/image\/"},"sameAs":["https:\/\/www.facebook.com\/groups\/992762847512552\/"]},{"@type":"Person","@id":"https:\/\/vecinoscalamurada.com\/#\/schema\/person\/19d5884e47aa39f1637fb978c38cbde2","name":"vcmteam","url":"https:\/\/vecinoscalamurada.com\/de\/author\/vcmteam\/"}]}},"_links":{"self":[{"href":"https:\/\/vecinoscalamurada.com\/de\/wp-json\/wp\/v2\/posts\/10820"}],"collection":[{"href":"https:\/\/vecinoscalamurada.com\/de\/wp-json\/wp\/v2\/posts"}],"about":[{"href":"https:\/\/vecinoscalamurada.com\/de\/wp-json\/wp\/v2\/types\/post"}],"author":[{"embeddable":true,"href":"https:\/\/vecinoscalamurada.com\/de\/wp-json\/wp\/v2\/users\/2"}],"replies":[{"embeddable":true,"href":"https:\/\/vecinoscalamurada.com\/de\/wp-json\/wp\/v2\/comments?post=10820"}],"version-history":[{"count":4,"href":"https:\/\/vecinoscalamurada.com\/de\/wp-json\/wp\/v2\/posts\/10820\/revisions"}],"predecessor-version":[{"id":10839,"href":"https:\/\/vecinoscalamurada.com\/de\/wp-json\/wp\/v2\/posts\/10820\/revisions\/10839"}],"wp:featuredmedia":[{"embeddable":true,"href":"https:\/\/vecinoscalamurada.com\/de\/wp-json\/wp\/v2\/media\/10822"}],"wp:attachment":[{"href":"https:\/\/vecinoscalamurada.com\/de\/wp-json\/wp\/v2\/media?parent=10820"}],"wp:term":[{"taxonomy":"category","embeddable":true,"href":"https:\/\/vecinoscalamurada.com\/de\/wp-json\/wp\/v2\/categories?post=10820"},{"taxonomy":"post_tag","embeddable":true,"href":"https:\/\/vecinoscalamurada.com\/de\/wp-json\/wp\/v2\/tags?post=10820"}],"curies":[{"name":"wp","href":"https:\/\/api.w.org\/{rel}","templated":true}]}}